{"id":3195,"date":"2022-11-14T18:23:48","date_gmt":"2022-11-14T17:23:48","guid":{"rendered":"https:\/\/nebolus.net\/frankfurt-am-main-rallisi\/"},"modified":"2024-04-25T10:57:58","modified_gmt":"2024-04-25T09:57:58","slug":"frankfurt-am-main-rallisi","status":"publish","type":"post","link":"https:\/\/nebolus.net\/tr\/frankfurt-am-main-rallisi\/","title":{"rendered":"Frankfurt am Main Rallisi"},"content":{"rendered":"<p><div class=\"fusion-bg-parallax\" data-bg-align=\"center center\" data-direction=\"up\" data-mute=\"false\" data-opacity=\"100\" data-velocity=\"-0.2\" data-mobile-enabled=\"true\" data-break_parents=\"0\" data-bg-image=\"https:\/\/nebolus.net\/wp-content\/uploads\/2022\/11\/Emine-auf-Abwegen1000.jpg\" data-bg-repeat=\"false\" ><\/div><div class=\"fusion-fullwidth fullwidth-box fusion-builder-row-1 fusion-flex-container fusion-parallax-up nonhundred-percent-fullwidth non-hundred-percent-height-scrolling negative-margin-lr\" style=\"--awb-border-radius-top-left:0px;--awb-border-radius-top-right:0px;--awb-border-radius-bottom-right:0px;--awb-border-radius-bottom-left:0px;--awb-padding-top:0px;--awb-padding-right:0px;--awb-padding-bottom:0px;--awb-padding-left:0px;--awb-margin-top:0px;--awb-margin-bottom:0px;--awb-background-image:url(&quot;https:\/\/nebolus.net\/wp-content\/uploads\/2022\/11\/Emine-auf-Abwegen1000.jpg&quot;);--awb-background-size:cover;--awb-flex-wrap:wrap;\" ><div class=\"fusion-builder-row fusion-row fusion-flex-align-items-flex-start fusion-flex-content-wrap\" style=\"max-width:1248px;margin-left: calc(-4% \/ 2 );margin-right: calc(-4% \/ 2 );\"><div class=\"fusion-layout-column fusion_builder_column fusion-builder-column-0 fusion_builder_column_3_4 3_4 fusion-flex-column\" style=\"--awb-bg-size:cover;--awb-width-large:75%;--awb-margin-top-large:0px;--awb-spacing-right-large:2.56%;--awb-margin-bottom-large:0px;--awb-spacing-left-large:2.56%;--awb-width-medium:75%;--awb-order-medium:0;--awb-spacing-right-medium:2.56%;--awb-spacing-left-medium:2.56%;--awb-width-small:100%;--awb-order-small:0;--awb-spacing-right-small:1.92%;--awb-spacing-left-small:1.92%;\"><div class=\"fusion-column-wrapper fusion-column-has-shadow fusion-flex-justify-content-flex-start fusion-content-layout-column\"><div class=\"mask-wide\"><\/div><\/div><\/div><\/div><\/div><div class=\"fusion-fullwidth fullwidth-box fusion-builder-row-2 fusion-flex-container nonhundred-percent-fullwidth non-hundred-percent-height-scrolling\" style=\"--awb-border-radius-top-left:0px;--awb-border-radius-top-right:0px;--awb-border-radius-bottom-right:0px;--awb-border-radius-bottom-left:0px;--awb-padding-top:48px;--awb-padding-right:120px;--awb-padding-left:120px;--awb-padding-right-medium:0px;--awb-padding-left-medium:0px;--awb-padding-right-small:0px;--awb-padding-left-small:0px;--awb-flex-wrap:wrap;\" ><div class=\"fusion-builder-row fusion-row fusion-flex-align-items-flex-start fusion-flex-content-wrap\" style=\"max-width:1248px;margin-left: calc(-4% \/ 2 );margin-right: calc(-4% \/ 2 );\"><div class=\"fusion-layout-column fusion_builder_column fusion-builder-column-1 fusion_builder_column_3_4 3_4 fusion-flex-column\" style=\"--awb-bg-size:cover;--awb-width-large:75%;--awb-margin-top-large:0px;--awb-spacing-right-large:2.56%;--awb-margin-bottom-large:20px;--awb-spacing-left-large:2.56%;--awb-width-medium:75%;--awb-order-medium:0;--awb-spacing-right-medium:2.56%;--awb-spacing-left-medium:2.56%;--awb-width-small:100%;--awb-order-small:0;--awb-spacing-right-small:1.92%;--awb-spacing-left-small:1.92%;\"><div class=\"fusion-column-wrapper fusion-column-has-shadow fusion-flex-justify-content-flex-start fusion-content-layout-column\"><a class=\"custom-link\" href=\"..\/praxiseinblicke\/\">\nT\u00fcm hikayelere geri d\u00f6n\n<\/a><\/div><\/div><\/div><\/div><div class=\"fusion-fullwidth fullwidth-box fusion-builder-row-3 fusion-flex-container nonhundred-percent-fullwidth non-hundred-percent-height-scrolling\" style=\"--awb-border-radius-top-left:0px;--awb-border-radius-top-right:0px;--awb-border-radius-bottom-right:0px;--awb-border-radius-bottom-left:0px;--awb-padding-right-medium:0px;--awb-padding-left-medium:0px;--awb-padding-right-small:0px;--awb-padding-left-small:0px;--awb-flex-wrap:wrap;\" ><div class=\"fusion-builder-row fusion-row fusion-flex-align-items-flex-start fusion-flex-justify-content-center fusion-flex-content-wrap\" style=\"max-width:1248px;margin-left: calc(-4% \/ 2 );margin-right: calc(-4% \/ 2 );\"><div class=\"fusion-layout-column fusion_builder_column fusion-builder-column-2 fusion_builder_column_3_4 3_4 fusion-flex-column\" style=\"--awb-bg-size:cover;--awb-width-large:75%;--awb-margin-top-large:0px;--awb-spacing-right-large:2.56%;--awb-margin-bottom-large:0px;--awb-spacing-left-large:2.56%;--awb-width-medium:75%;--awb-order-medium:0;--awb-spacing-right-medium:2.56%;--awb-spacing-left-medium:2.56%;--awb-width-small:100%;--awb-order-small:0;--awb-spacing-right-small:1.92%;--awb-spacing-left-small:1.92%;\"><div class=\"fusion-column-wrapper fusion-column-has-shadow fusion-flex-justify-content-flex-start fusion-content-layout-column\"><div class=\"fusion-title title fusion-title-1 fusion-sep-none fusion-title-text fusion-title-size-one\" style=\"--awb-margin-top-small:10px;--awb-margin-right-small:0px;--awb-margin-bottom-small:10px;--awb-margin-left-small:0px;\"><h1 class=\"fusion-title-heading title-heading-left fusion-responsive-typography-calculated\" style=\"margin:0;--fontSize:59.2;line-height:1.18;\">Nebolus Frankfurt am Main<\/h1><\/div><div class=\"fusion-title title fusion-title-2 fusion-sep-none fusion-title-text fusion-title-size-three\" style=\"--awb-margin-top-small:10px;--awb-margin-right-small:0px;--awb-margin-bottom-small:10px;--awb-margin-left-small:0px;\"><h3 class=\"fusion-title-heading title-heading-left fusion-responsive-typography-calculated\" style=\"margin:0;--fontSize:24;line-height:1.3;\">Frankfurt am Main&#8217;daki Nebolus Rallisi<\/h3><\/div><div class=\"fusion-text fusion-text-1\" style=\"--awb-text-transform:none;\"><p>08&#8217;den. 12 \u015eubat 2022&#8217;den itibaren Frankfurt am Main&#8217;daki bir meslek okulundan iki s\u0131n\u0131f bir Nebolus mitingi d\u00fczenlemi\u015f ve ayn\u0131 hafta i\u00e7inde ger\u00e7ekle\u015ftirmi\u015ftir. Mitinge onuncu ve on ikinci s\u0131n\u0131flardan otuz iki \u00f6\u011frenci kat\u0131ld\u0131.<br \/>\nNebolus&#8217;un Frankfurt&#8217;taki uygulamas\u0131n\u0131 \u00f6zel k\u0131lan \u015fey, \u00f6\u011frencilerin mitingin neredeyse t\u00fcm planlama s\u00fcre\u00e7lerine kat\u0131l\u0131mc\u0131 bir \u015fekilde dahil olmalar\u0131 ve mitingi iki \u00f6\u011fretmenle birlikte olu\u015fturmalar\u0131, organize etmeleri ve tamamlamalar\u0131d\u0131r. Miting s\u0131ras\u0131nda kat\u0131l\u0131mc\u0131lar H\u00f6chst b\u00f6lgesindeki be\u015f istasyonu ziyaret ederek ruh sa\u011fl\u0131\u011f\u0131n\u0131 geli\u015ftirme ve \u00f6nleme tesislerini tan\u0131ma f\u0131rsat\u0131 buldular.<\/p>\n<\/div><div class=\"fusion-audio fusion-audio-1\" style=\"--awb-progress-color:#ffffff;--awb-border-color:var(--awb-color1);--awb-background-color:#1d242d;--awb-max-width:50%;--awb-border-size:0;--awb-border-top-left-radius:0px;--awb-border-top-right-radius:0px;--awb-border-bottom-right-radius:0px;--awb-border-bottom-left-radius:0px;\"><audio class=\"wp-audio-shortcode\" id=\"audio-3195-1\" preload=\"none\" style=\"width: 100%;\" controls=\"controls\"><source type=\"audio\/mpeg\" src=\"https:\/\/nebolus.net\/wp-content\/uploads\/2022\/11\/Sprachnachricht-FFM-Rallye-fuer-Website.mp3?_=1\" \/><a href=\"https:\/\/nebolus.net\/wp-content\/uploads\/2022\/11\/Sprachnachricht-FFM-Rallye-fuer-Website.mp3\">https:\/\/nebolus.net\/wp-content\/uploads\/2022\/11\/Sprachnachricht-FFM-Rallye-fuer-Website.mp3<\/a><\/audio><\/div><div class=\"spacer-48\"><\/div><div class=\"fusion-builder-row fusion-builder-row-inner fusion-row fusion-flex-align-items-flex-start fusion-flex-justify-content-center fusion-flex-content-wrap\" style=\"--awb-flex-grow:0;--awb-flex-grow-medium:0;--awb-flex-grow-small:0;--awb-flex-shrink:0;--awb-flex-shrink-medium:0;--awb-flex-shrink-small:0;width:104% !important;max-width:104% !important;margin-left: calc(-4% \/ 2 );margin-right: calc(-4% \/ 2 );\"><div class=\"fusion-layout-column fusion_builder_column_inner fusion-builder-nested-column-0 fusion_builder_column_inner_1_3 1_3 fusion-flex-column\" style=\"--awb-bg-size:cover;--awb-width-large:33.333333333333%;--awb-margin-top-large:0px;--awb-spacing-right-large:5.76%;--awb-margin-bottom-large:20px;--awb-spacing-left-large:5.76%;--awb-width-medium:33.333333333333%;--awb-order-medium:0;--awb-spacing-right-medium:5.76%;--awb-spacing-left-medium:5.76%;--awb-width-small:100%;--awb-order-small:0;--awb-spacing-right-small:1.92%;--awb-spacing-left-small:1.92%;\"><div class=\"fusion-column-wrapper fusion-column-has-shadow fusion-flex-justify-content-flex-start fusion-content-layout-column\"><div class=\"fusion-text fusion-text-2 margin-bottom-none-child-paragraph\" style=\"--awb-font-size:12px;\"><p>SA\u011eLIK KONUSU<\/p>\n<\/div><div class=\"fusion-text fusion-text-3\"><p>Ruh sa\u011fl\u0131\u011f\u0131<\/p>\n<\/div><\/div><\/div><div class=\"fusion-layout-column fusion_builder_column_inner fusion-builder-nested-column-1 fusion_builder_column_inner_1_3 1_3 fusion-flex-column\" style=\"--awb-bg-size:cover;--awb-width-large:33.333333333333%;--awb-margin-top-large:0px;--awb-spacing-right-large:5.76%;--awb-margin-bottom-large:20px;--awb-spacing-left-large:5.76%;--awb-width-medium:33.333333333333%;--awb-order-medium:0;--awb-spacing-right-medium:5.76%;--awb-spacing-left-medium:5.76%;--awb-width-small:100%;--awb-order-small:0;--awb-spacing-right-small:1.92%;--awb-spacing-left-small:1.92%;\"><div class=\"fusion-column-wrapper fusion-column-has-shadow fusion-flex-justify-content-flex-start fusion-content-layout-column\"><div class=\"fusion-text fusion-text-4 margin-bottom-none-child-paragraph\" style=\"--awb-font-size:12px;\"><p>AYAR<\/p>\n<\/div><div class=\"fusion-text fusion-text-5\" style=\"--awb-text-transform:none;\"><p>Okul<\/p>\n<\/div><\/div><\/div><div class=\"fusion-layout-column fusion_builder_column_inner fusion-builder-nested-column-2 fusion_builder_column_inner_1_3 1_3 fusion-flex-column\" style=\"--awb-bg-size:cover;--awb-width-large:33.333333333333%;--awb-margin-top-large:0px;--awb-spacing-right-large:5.76%;--awb-margin-bottom-large:20px;--awb-spacing-left-large:5.76%;--awb-width-medium:33.333333333333%;--awb-order-medium:0;--awb-spacing-right-medium:5.76%;--awb-spacing-left-medium:5.76%;--awb-width-small:100%;--awb-order-small:0;--awb-spacing-right-small:1.92%;--awb-spacing-left-small:1.92%;\"><div class=\"fusion-column-wrapper fusion-column-has-shadow fusion-flex-justify-content-flex-start fusion-content-layout-column\"><div class=\"fusion-text fusion-text-6 margin-bottom-none-child-paragraph\" style=\"--awb-font-size:12px;\"><p>RALLI\u0307 ORGANI\u0307ZASYONU<\/p>\n<\/div><div class=\"fusion-text fusion-text-7\"><p>Ludwig-Erhard-School Frankfurt am Main<\/p>\n<\/div><\/div><\/div><div class=\"fusion-layout-column fusion_builder_column_inner fusion-builder-nested-column-3 fusion_builder_column_inner_1_3 1_3 fusion-flex-column\" style=\"--awb-bg-size:cover;--awb-width-large:33.333333333333%;--awb-margin-top-large:0px;--awb-spacing-right-large:5.76%;--awb-margin-bottom-large:20px;--awb-spacing-left-large:5.76%;--awb-width-medium:33.333333333333%;--awb-order-medium:0;--awb-spacing-right-medium:5.76%;--awb-spacing-left-medium:5.76%;--awb-width-small:100%;--awb-order-small:0;--awb-spacing-right-small:1.92%;--awb-spacing-left-small:1.92%;\"><div class=\"fusion-column-wrapper fusion-column-has-shadow fusion-flex-justify-content-flex-start fusion-content-layout-column\"><div class=\"fusion-text fusion-text-8 margin-bottom-none-child-paragraph\" style=\"--awb-font-size:12px;\"><p>SORUMLU<\/p>\n<\/div><div class=\"fusion-text fusion-text-9\"><p>Natalie Karzos<br \/>Juliane Franz<\/p>\n<\/div><\/div><\/div><div class=\"fusion-layout-column fusion_builder_column_inner fusion-builder-nested-column-4 fusion_builder_column_inner_1_3 1_3 fusion-flex-column\" style=\"--awb-bg-size:cover;--awb-width-large:33.333333333333%;--awb-margin-top-large:0px;--awb-spacing-right-large:5.76%;--awb-margin-bottom-large:20px;--awb-spacing-left-large:5.76%;--awb-width-medium:33.333333333333%;--awb-order-medium:0;--awb-spacing-right-medium:5.76%;--awb-spacing-left-medium:5.76%;--awb-width-small:100%;--awb-order-small:0;--awb-spacing-right-small:1.92%;--awb-spacing-left-small:1.92%;\"><div class=\"fusion-column-wrapper fusion-column-has-shadow fusion-flex-justify-content-flex-start fusion-content-layout-column\"><div class=\"fusion-text fusion-text-10 margin-bottom-none-child-paragraph\" style=\"--awb-font-size:12px;\"><p>ZAMAN UZAY<\/p>\n<\/div><div class=\"fusion-text fusion-text-11\"><p>\u015eubat 2022<\/p>\n<\/div><\/div><\/div><div class=\"fusion-layout-column fusion_builder_column_inner fusion-builder-nested-column-5 fusion_builder_column_inner_1_3 1_3 fusion-flex-column\" style=\"--awb-bg-size:cover;--awb-width-large:33.333333333333%;--awb-margin-top-large:0px;--awb-spacing-right-large:5.76%;--awb-margin-bottom-large:20px;--awb-spacing-left-large:5.76%;--awb-width-medium:33.333333333333%;--awb-order-medium:0;--awb-spacing-right-medium:5.76%;--awb-spacing-left-medium:5.76%;--awb-width-small:100%;--awb-order-small:0;--awb-spacing-right-small:1.92%;--awb-spacing-left-small:1.92%;\"><div class=\"fusion-column-wrapper fusion-column-has-shadow fusion-flex-justify-content-flex-start fusion-content-layout-column\"><div class=\"fusion-text fusion-text-12 margin-bottom-none-child-paragraph\" style=\"--awb-font-size:12px;--awb-text-transform:none;\"><p>\u0130LET\u0130\u015e\u0130M<\/p>\n<p style=\"font-size: 16px;\" data-fusion-font=\"true\">natalie.karzos@schule.hessen.de<br \/>juliane.franz@schule.hessen.de<\/p>\n<\/div><div class=\"fusion-text fusion-text-13\"><\/div><\/div><\/div><\/div><\/div><\/div><\/div><\/div><div class=\"fusion-fullwidth fullwidth-box fusion-builder-row-4 fusion-flex-container nonhundred-percent-fullwidth non-hundred-percent-height-scrolling\" style=\"--awb-border-radius-top-left:0px;--awb-border-radius-top-right:0px;--awb-border-radius-bottom-right:0px;--awb-border-radius-bottom-left:0px;--awb-padding-right:120px;--awb-padding-left:120px;--awb-padding-right-medium:0px;--awb-padding-left-medium:0px;--awb-padding-right-small:0px;--awb-padding-left-small:0px;--awb-flex-wrap:wrap;\" ><div class=\"fusion-builder-row fusion-row fusion-flex-align-items-flex-start fusion-flex-content-wrap\" style=\"max-width:1248px;margin-left: calc(-4% \/ 2 );margin-right: calc(-4% \/ 2 );\"><div class=\"fusion-layout-column fusion_builder_column fusion-builder-column-3 fusion_builder_column_3_4 3_4 fusion-flex-column\" style=\"--awb-bg-size:cover;--awb-width-large:75%;--awb-margin-top-large:0px;--awb-spacing-right-large:2.56%;--awb-margin-bottom-large:20px;--awb-spacing-left-large:2.56%;--awb-width-medium:75%;--awb-order-medium:0;--awb-spacing-right-medium:2.56%;--awb-spacing-left-medium:2.56%;--awb-width-small:100%;--awb-order-small:0;--awb-spacing-right-small:1.92%;--awb-spacing-left-small:1.92%;\"><div class=\"fusion-column-wrapper fusion-column-has-shadow fusion-flex-justify-content-flex-start fusion-content-layout-column\"><div class=\"simple-separator-for-white-bgr\"><\/div><\/div><\/div><\/div><\/div><div class=\"fusion-fullwidth fullwidth-box fusion-builder-row-5 fusion-flex-container nonhundred-percent-fullwidth non-hundred-percent-height-scrolling\" style=\"--awb-border-radius-top-left:0px;--awb-border-radius-top-right:0px;--awb-border-radius-bottom-right:0px;--awb-border-radius-bottom-left:0px;--awb-padding-right-medium:0px;--awb-padding-left-medium:0px;--awb-padding-right-small:0px;--awb-padding-left-small:0px;--awb-flex-wrap:wrap;\" ><div class=\"fusion-builder-row fusion-row fusion-flex-align-items-flex-start fusion-flex-justify-content-center fusion-flex-content-wrap\" style=\"max-width:1248px;margin-left: calc(-4% \/ 2 );margin-right: calc(-4% \/ 2 );\"><div class=\"fusion-layout-column fusion_builder_column fusion-builder-column-4 fusion_builder_column_3_4 3_4 fusion-flex-column\" style=\"--awb-bg-size:cover;--awb-width-large:75%;--awb-margin-top-large:0px;--awb-spacing-right-large:2.56%;--awb-margin-bottom-large:20px;--awb-spacing-left-large:2.56%;--awb-width-medium:75%;--awb-order-medium:0;--awb-spacing-right-medium:2.56%;--awb-spacing-left-medium:2.56%;--awb-width-small:100%;--awb-order-small:0;--awb-spacing-right-small:1.92%;--awb-spacing-left-small:1.92%;\"><div class=\"fusion-column-wrapper fusion-column-has-shadow fusion-flex-justify-content-flex-start fusion-content-layout-column\"><div class=\"fusion-title title fusion-title-3 fusion-sep-none fusion-title-text fusion-title-size-two\" style=\"--awb-margin-top-small:10px;--awb-margin-right-small:0px;--awb-margin-bottom-small:10px;--awb-margin-left-small:0px;\"><h2 class=\"fusion-title-heading title-heading-left fusion-responsive-typography-calculated\" style=\"margin:0;--fontSize:40;line-height:1.2;\"><p><strong>Hikaye<br \/>\n<\/strong><\/p><\/h2><\/div><div class=\"fusion-title title fusion-title-4 fusion-sep-none fusion-title-text fusion-title-size-div\" style=\"--awb-margin-top-small:10px;--awb-margin-right-small:0px;--awb-margin-bottom-small:10px;--awb-margin-left-small:0px;\"><div class=\"fusion-title-heading title-heading-left title-heading-tag fusion-responsive-typography-calculated\" style=\"margin:0;--fontSize:16;--minFontSize:16;line-height:1.8;\">Frankfurt am Main&#8217;da kay\u0131p k\u0131z\u0131n hikayesinin \u015fablonu kullan\u0131lm\u0131\u015ft\u0131r (daha fazla bilgi i\u00e7in <a href=\"https:\/\/nebolus.net\/fulda\/\" target=\"_blank\" rel=\"noopener\">buraya<\/a> bak\u0131n\u0131z). Buna dayanarak, iki sorumlu \u00f6\u011fretmen daha sonra yerel ko\u015fullara ve olanaklara uyarlanan &#8220;Emine Yanl\u0131\u015f Yolda&#8221; hikayesini geli\u015ftirdi. Kat\u0131l\u0131mc\u0131lar, hik\u00e2yenin kahraman\u0131 Emine&#8217;nin ba\u015f\u0131na gelenleri ke\u015ffederek ona istasyon istasyon yakla\u015ft\u0131lar.<\/div><\/div><div class=\"fusion-text fusion-text-14\"><\/div><\/div><\/div><\/div><\/div><div class=\"fusion-fullwidth fullwidth-box fusion-builder-row-6 fusion-flex-container nonhundred-percent-fullwidth non-hundred-percent-height-scrolling\" style=\"--awb-border-color:#ffffff;--awb-border-radius-top-left:0px;--awb-border-radius-top-right:0px;--awb-border-radius-bottom-right:0px;--awb-border-radius-bottom-left:0px;--awb-padding-bottom:0px;--awb-margin-bottom:0px;--awb-flex-wrap:wrap;\" ><div class=\"fusion-builder-row fusion-row fusion-flex-align-items-flex-start fusion-flex-justify-content-center fusion-flex-content-wrap\" style=\"max-width:1248px;margin-left: calc(-4% \/ 2 );margin-right: calc(-4% \/ 2 );\"><div class=\"fusion-layout-column fusion_builder_column fusion-builder-column-5 fusion_builder_column_3_4 3_4 fusion-flex-column\" style=\"--awb-bg-size:cover;--awb-width-large:75%;--awb-margin-top-large:0px;--awb-spacing-right-large:2.56%;--awb-margin-bottom-large:20px;--awb-spacing-left-large:2.56%;--awb-width-medium:75%;--awb-order-medium:0;--awb-spacing-right-medium:2.56%;--awb-spacing-left-medium:2.56%;--awb-width-small:100%;--awb-order-small:0;--awb-spacing-right-small:1.92%;--awb-spacing-left-small:1.92%;\"><div class=\"fusion-column-wrapper fusion-column-has-shadow fusion-flex-justify-content-flex-start fusion-content-layout-column\"><div class=\"fusion-title title fusion-title-5 fusion-sep-none fusion-title-text fusion-title-size-two\" style=\"--awb-margin-top-small:10px;--awb-margin-right-small:0px;--awb-margin-bottom-small:10px;--awb-margin-left-small:0px;\"><h2 class=\"fusion-title-heading title-heading-left fusion-responsive-typography-calculated\" style=\"margin:0;--fontSize:40;line-height:1.2;\"><p><strong>Hangi kurulu\u015flar yer ald\u0131?<br \/>\n<\/strong><\/p><\/h2><\/div><div class=\"fusion-text fusion-text-15\" style=\"--awb-text-transform:none;\"><div>\n<p>Frankfurt am Main&#8217;da d\u00fczenlenen Nebolus Rallisine be\u015f sa\u011fl\u0131k te\u015fvik ve \u00f6nleme kurulu\u015fu kat\u0131ld\u0131. Merkezler, 25 potansiyel temas noktas\u0131ndan olu\u015fan bir havuzdan, \u00f6ncelikle okula olan yerel yak\u0131nl\u0131klar\u0131 temel al\u0131narak se\u00e7ilmi\u015ftir. Miting g\u00fcn\u00fc, tesis \u00e7al\u0131\u015fanlar\u0131 miting kat\u0131l\u0131mc\u0131lar\u0131na \u00e7e\u015fitli destek se\u00e7eneklerini sunmu\u015f ve onlara el ilanlar\u0131, bro\u015f\u00fcrler ve k\u00fc\u00e7\u00fck hileler sa\u011flam\u0131\u015ft\u0131r. Mitinge \u015fu uzmanlar kat\u0131ld\u0131: <a href=\"https:\/\/www.profamilia.de\/angebote-vor-ort\/hessen\/beratungsstelle-frankfurt-hoechst\" target=\"_blank\" rel=\"noopener noreferrer\">pro familia Frankfurt-H\u00f6chst<\/a>, <a href=\"https:\/\/frankfurt.de\/service-und-rathaus\/verwaltung\/aemter-und-institutionen\/jugend--und-sozialamt\/sozialrathaus-hoechst\" target=\"_blank\" rel=\"noopener noreferrer\">Sozialrathaus in H\u00f6chst<\/a> (Frankfurt am Main Belediyesi&#8217;nin bir kurumu), yerel <a href=\"https:\/\/www.jugendmigrationsdienste.de\/jmd\/frankfurt-hoechstawo\" target=\"_blank\" rel=\"noopener noreferrer\">gen\u00e7lik g\u00f6\u00e7 servisi<\/a> (AWO&#8217;nun g\u00f6\u00e7men k\u00f6kenli gen\u00e7lere y\u00f6nelik e\u011fitim ve dan\u0131\u015fmanl\u0131k servisi), <a href=\"https:\/\/erziehungsberatung-hessen.de\/Beratungsstellen\/evangelisches-zentrum-fuer-beratung-in-hoechst\">Evanjelik Dan\u0131\u015fmanl\u0131k Merkezi <\/a>ve <a href=\"http:\/\/www.jugend-zenit.de\/\" target=\"_blank\" rel=\"noopener noreferrer\">Zenit gen\u00e7lik kul\u00fcb\u00fc<\/a>.<\/p>\n<\/div>\n<\/div><div class=\"spacer-48\"><\/div><div class=\"awb-gallery-wrapper awb-gallery-wrapper-1 button-span-no\"><div style=\"margin:-23px;--awb-bordersize:37px;--awb-bordercolor:#ffffff;\" class=\"fusion-gallery fusion-gallery-container fusion-grid-3 fusion-columns-total-5 fusion-gallery-layout-grid fusion-gallery-1\"><div style=\"padding:23px;\" class=\"fusion-grid-column fusion-gallery-column fusion-gallery-column-3 hover-type-none\"><div class=\"fusion-gallery-image\"><a href=\"https:\/\/erziehungsberatung-hessen.de\/Beratungsstellen\/evangelisches-zentrum-fuer-beratung-in-hoechst\" rel=\"noreferrer\" data-rel=\"iLightbox[gallery_image_1]\" class=\"fusion-lightbox\" target=\"_self\"><img decoding=\"async\" src=\"https:\/\/nebolus.net\/wp-content\/uploads\/2022\/11\/Evangelisches-Zentrum-fuer-Beratung.jpg\" width=\"1101\" height=\"341\" alt=\"\" title=\"Evangelisches Zentrum f\u00fcr Beratung\" aria-label=\"Evangelisches Zentrum f\u00fcr Beratung\" class=\"img-responsive wp-image-2894\" srcset=\"https:\/\/nebolus.net\/wp-content\/uploads\/2022\/11\/Evangelisches-Zentrum-fuer-Beratung-200x62.jpg 200w, https:\/\/nebolus.net\/wp-content\/uploads\/2022\/11\/Evangelisches-Zentrum-fuer-Beratung-400x124.jpg 400w, https:\/\/nebolus.net\/wp-content\/uploads\/2022\/11\/Evangelisches-Zentrum-fuer-Beratung-600x186.jpg 600w, https:\/\/nebolus.net\/wp-content\/uploads\/2022\/11\/Evangelisches-Zentrum-fuer-Beratung-800x248.jpg 800w, https:\/\/nebolus.net\/wp-content\/uploads\/2022\/11\/Evangelisches-Zentrum-fuer-Beratung.jpg 1101w\" sizes=\"(min-width: 2200px) 100vw, (min-width: 794px) 385px, (min-width: 717px) 577px, (min-width: 640px) 717px, \" \/><\/a><\/div><\/div><div style=\"padding:23px;\" class=\"fusion-grid-column fusion-gallery-column fusion-gallery-column-3 hover-type-none\"><div class=\"fusion-gallery-image\"><a href=\"https:\/\/www.jugendmigrationsdienste.de\/jmd\/frankfurt-hoechstawo\" rel=\"noreferrer\" data-rel=\"iLightbox[gallery_image_1]\" class=\"fusion-lightbox\" target=\"_self\"><img decoding=\"async\" src=\"https:\/\/nebolus.net\/wp-content\/uploads\/2022\/11\/JMD-Hoechst.jpg\" width=\"286\" height=\"113\" alt=\"\" title=\"JMD H\u00f6chst\" aria-label=\"JMD H\u00f6chst\" class=\"img-responsive wp-image-2896\" srcset=\"https:\/\/nebolus.net\/wp-content\/uploads\/2022\/11\/JMD-Hoechst-200x79.jpg 200w, https:\/\/nebolus.net\/wp-content\/uploads\/2022\/11\/JMD-Hoechst.jpg 286w\" sizes=\"(min-width: 2200px) 100vw, (min-width: 794px) 385px, (min-width: 717px) 577px, (min-width: 640px) 717px, \" \/><\/a><\/div><\/div><div style=\"padding:23px;\" class=\"fusion-grid-column fusion-gallery-column fusion-gallery-column-3 hover-type-none\"><div class=\"fusion-gallery-image\"><a href=\"https:\/\/frankfurt.de\/service-und-rathaus\/verwaltung\/aemter-und-institutionen\/jugend--und-sozialamt\/sozialrathaus-hoechst\" rel=\"noreferrer\" data-rel=\"iLightbox[gallery_image_1]\" class=\"fusion-lightbox\" target=\"_self\"><img decoding=\"async\" src=\"https:\/\/nebolus.net\/wp-content\/uploads\/2022\/11\/sozialrathaus-hoechst.jpg\" width=\"735\" height=\"125\" alt=\"\" title=\"sozialrathaus h\u00f6chst\" aria-label=\"sozialrathaus h\u00f6chst\" class=\"img-responsive wp-image-2900\" srcset=\"https:\/\/nebolus.net\/wp-content\/uploads\/2022\/11\/sozialrathaus-hoechst-200x34.jpg 200w, https:\/\/nebolus.net\/wp-content\/uploads\/2022\/11\/sozialrathaus-hoechst-400x68.jpg 400w, https:\/\/nebolus.net\/wp-content\/uploads\/2022\/11\/sozialrathaus-hoechst-600x102.jpg 600w, https:\/\/nebolus.net\/wp-content\/uploads\/2022\/11\/sozialrathaus-hoechst.jpg 735w\" sizes=\"(min-width: 2200px) 100vw, (min-width: 794px) 385px, (min-width: 717px) 577px, (min-width: 640px) 717px, \" \/><\/a><\/div><\/div><div class=\"clearfix\"><\/div><div style=\"padding:23px;\" class=\"fusion-grid-column fusion-gallery-column fusion-gallery-column-3 hover-type-none\"><div class=\"fusion-gallery-image\"><a href=\"https:\/\/www.profamilia.de\/angebote-vor-ort\/hessen\/beratungsstelle-frankfurt-hoechst\" rel=\"noreferrer\" data-rel=\"iLightbox[gallery_image_1]\" class=\"fusion-lightbox\" target=\"_self\"><img decoding=\"async\" src=\"https:\/\/nebolus.net\/wp-content\/uploads\/2022\/11\/profa-hoechst.jpg\" width=\"436\" height=\"109\" alt=\"\" title=\"profa h\u00f6chst\" aria-label=\"profa h\u00f6chst\" class=\"img-responsive wp-image-2898\" srcset=\"https:\/\/nebolus.net\/wp-content\/uploads\/2022\/11\/profa-hoechst-200x50.jpg 200w, https:\/\/nebolus.net\/wp-content\/uploads\/2022\/11\/profa-hoechst-400x100.jpg 400w, https:\/\/nebolus.net\/wp-content\/uploads\/2022\/11\/profa-hoechst.jpg 436w\" sizes=\"(min-width: 2200px) 100vw, (min-width: 794px) 385px, (min-width: 717px) 577px, (min-width: 640px) 717px, \" \/><\/a><\/div><\/div><div style=\"padding:23px;\" class=\"fusion-grid-column fusion-gallery-column fusion-gallery-column-3 hover-type-none\"><div class=\"fusion-gallery-image\"><a href=\"http:\/\/www.jugend-zenit.de\/\" rel=\"noreferrer\" data-rel=\"iLightbox[gallery_image_1]\" class=\"fusion-lightbox\" target=\"_self\"><img decoding=\"async\" src=\"https:\/\/nebolus.net\/wp-content\/uploads\/2022\/11\/2021_ZenitLogo_Web_300.png\" width=\"300\" height=\"300\" alt=\"\" title=\"2021_ZenitLogo_Web_300\" aria-label=\"2021_ZenitLogo_Web_300\" class=\"img-responsive wp-image-2914\" srcset=\"https:\/\/nebolus.net\/wp-content\/uploads\/2022\/11\/2021_ZenitLogo_Web_300-200x200.png 200w, https:\/\/nebolus.net\/wp-content\/uploads\/2022\/11\/2021_ZenitLogo_Web_300.png 300w\" sizes=\"(min-width: 2200px) 100vw, (min-width: 794px) 385px, (min-width: 717px) 577px, (min-width: 640px) 717px, \" \/><\/a><\/div><\/div><\/div><\/div><\/div><\/div><\/div><\/div><div class=\"fusion-fullwidth fullwidth-box fusion-builder-row-7 fusion-flex-container nonhundred-percent-fullwidth non-hundred-percent-height-scrolling\" style=\"--awb-border-radius-top-left:0px;--awb-border-radius-top-right:0px;--awb-border-radius-bottom-right:0px;--awb-border-radius-bottom-left:0px;--awb-padding-right-medium:0px;--awb-padding-left-medium:0px;--awb-padding-right-small:0px;--awb-padding-left-small:0px;--awb-flex-wrap:wrap;\" ><div class=\"fusion-builder-row fusion-row fusion-flex-align-items-flex-start fusion-flex-justify-content-center fusion-flex-content-wrap\" style=\"max-width:1248px;margin-left: calc(-4% \/ 2 );margin-right: calc(-4% \/ 2 );\"><div class=\"fusion-layout-column fusion_builder_column fusion-builder-column-6 fusion_builder_column_3_4 3_4 fusion-flex-column\" style=\"--awb-bg-size:cover;--awb-width-large:75%;--awb-margin-top-large:0px;--awb-spacing-right-large:2.56%;--awb-margin-bottom-large:20px;--awb-spacing-left-large:2.56%;--awb-width-medium:75%;--awb-order-medium:0;--awb-spacing-right-medium:2.56%;--awb-spacing-left-medium:2.56%;--awb-width-small:100%;--awb-order-small:0;--awb-spacing-right-small:1.92%;--awb-spacing-left-small:1.92%;\"><div class=\"fusion-column-wrapper fusion-column-has-shadow fusion-flex-justify-content-flex-start fusion-content-layout-column\"><div class=\"fusion-title title fusion-title-6 fusion-sep-none fusion-title-text fusion-title-size-two\" style=\"--awb-margin-top:64px;--awb-margin-top-small:24px;--awb-margin-right-small:0px;--awb-margin-bottom-small:10px;--awb-margin-left-small:0px;--awb-margin-top-medium:32px;\"><h2 class=\"fusion-title-heading title-heading-left fusion-responsive-typography-calculated\" style=\"margin:0;--fontSize:40;line-height:1.2;\"><strong>Haz\u0131rl\u0131klar nas\u0131l gitti?<br \/>\n<\/strong><\/h2><\/div><div class=\"fusion-text fusion-text-16\" style=\"--awb-text-transform:none;\"><p>Mitingin b\u00fcy\u00fck bir k\u0131sm\u0131, \u00f6\u011frencilerin farkl\u0131 sorumluluklara sahip \u00e7al\u0131\u015fma gruplar\u0131na ayr\u0131ld\u0131\u011f\u0131 bir okul proje haftas\u0131 s\u0131ras\u0131nda planland\u0131. Ancak hikaye, proje haftas\u0131n\u0131n zaman \u00e7er\u00e7evesini a\u015faca\u011f\u0131 i\u00e7in sorumlu s\u0131n\u0131f \u00f6\u011fretmenleri taraf\u0131ndan proje haftas\u0131ndan \u00f6nce uyarlanm\u0131\u015ft\u0131r. Ayr\u0131ca 25 kurulu\u015ftan hangilerinin mitinge kat\u0131laca\u011f\u0131 da \u00f6nceden kararla\u015ft\u0131r\u0131lm\u0131\u015ft\u0131. Proje s\u0131n\u0131flarda \u00f6\u011fretmenler taraf\u0131ndan duyuruldu\u011funda \u00f6\u011frenciler \u00e7ok hevesliydi.<\/p>\n<p>Mitingin planlanmas\u0131na y\u00f6nelik proje haftas\u0131 tamamen i\u015fb\u00f6l\u00fcm\u00fcyle ilgiliydi. \u0130ki \u00f6\u011frenci ve bir \u00f6\u011fretmen hikayeyi sesli mesaj olarak kaydederken, di\u011ferleri de uygulamaya y\u00fcklemek i\u00e7in ayn\u0131 anda istasyonlar\u0131n foto\u011fraflar\u0131n\u0131 \u00e7ekti. Kalan \u00f6\u011frenciler be\u015f istasyona ayr\u0131ld\u0131 ve kahoot! platformunu kullanarak kendi istasyonlar\u0131 i\u00e7in bir test haz\u0131rlama g\u00f6revini \u00fcstlendi. Bunu yapmak i\u00e7in gruplar kendi kurulu\u015flar\u0131 hakk\u0131nda bilgi ara\u015ft\u0131rd\u0131 ve bunu s\u0131n\u0131f arkada\u015flar\u0131na sorular olu\u015fturmak i\u00e7in kulland\u0131. T\u00fcm sorular do\u011fru yan\u0131tland\u0131\u011f\u0131nda, \u00e7\u00f6z\u00fcm kelimesi QR kodunun bulunaca\u011f\u0131 yer oluyordu. Kahoot! platformunun ilgili ba\u011flant\u0131lar\u0131, bu ama\u00e7la Nebolus uygulamas\u0131n\u0131n istasyon g\u00f6r\u00fcn\u00fcm\u00fcne entegre edilmi\u015ftir. Testleri ve ilgili ara\u015ft\u0131rmay\u0131 olu\u015fturmak i\u00e7in okulun iki bilgisayar odas\u0131 kullan\u0131ld\u0131.<\/p>\n<p>Daha sonra t\u00fcm i\u00e7erik, bunu planlama \u00e7al\u0131\u015fmas\u0131n\u0131n &#8220;en basit k\u0131sm\u0131&#8221; olarak tan\u0131mlayan bir \u00f6\u011fretmen taraf\u0131ndan girilmi\u015ftir. \u00d6\u011fretmenler, proje haftas\u0131ndan \u00f6nce Nebolus ekibinden planlama arac\u0131n\u0131 nas\u0131l kullanacaklar\u0131 konusunda yar\u0131m saatlik bir e\u011fitim ald\u0131lar.<\/p>\n<\/div><\/div><\/div><\/div><\/div><div class=\"fusion-fullwidth fullwidth-box fusion-builder-row-8 fusion-flex-container nonhundred-percent-fullwidth non-hundred-percent-height-scrolling\" style=\"--awb-border-radius-top-left:0px;--awb-border-radius-top-right:0px;--awb-border-radius-bottom-right:0px;--awb-border-radius-bottom-left:0px;--awb-padding-right-medium:0px;--awb-padding-left-medium:0px;--awb-padding-right-small:0px;--awb-padding-left-small:0px;--awb-flex-wrap:wrap;\" ><div class=\"fusion-builder-row fusion-row fusion-flex-align-items-flex-start fusion-flex-justify-content-center fusion-flex-content-wrap\" style=\"max-width:1248px;margin-left: calc(-4% \/ 2 );margin-right: calc(-4% \/ 2 );\"><div class=\"fusion-layout-column fusion_builder_column fusion-builder-column-7 fusion_builder_column_3_4 3_4 fusion-flex-column\" style=\"--awb-bg-size:cover;--awb-width-large:75%;--awb-margin-top-large:0px;--awb-spacing-right-large:2.56%;--awb-margin-bottom-large:20px;--awb-spacing-left-large:2.56%;--awb-width-medium:75%;--awb-order-medium:0;--awb-spacing-right-medium:2.56%;--awb-spacing-left-medium:2.56%;--awb-width-small:100%;--awb-order-small:0;--awb-spacing-right-small:1.92%;--awb-spacing-left-small:1.92%;\"><div class=\"fusion-column-wrapper fusion-column-has-shadow fusion-flex-justify-content-flex-start fusion-content-layout-column\"><div class=\"fusion-title title fusion-title-7 fusion-sep-none fusion-title-text fusion-title-size-two\" style=\"--awb-margin-top-small:10px;--awb-margin-right-small:0px;--awb-margin-bottom-small:10px;--awb-margin-left-small:0px;\"><h2 class=\"fusion-title-heading title-heading-left fusion-responsive-typography-calculated\" style=\"margin:0;--fontSize:40;line-height:1.2;\"><p><strong>Fark\u0131na varma s\u00fcreci nas\u0131l ge\u00e7ti?<br \/>\n<\/strong><\/p><\/h2><\/div><div class=\"fusion-text fusion-text-17\" style=\"--awb-text-transform:none;\"><p>Her iki okul s\u0131n\u0131f\u0131 (s\u0131ras\u0131yla 10 ve 22 \u00f6\u011frenciden olu\u015fan), g\u00f6zetmen \u00f6\u011fretmenle birlikte bir s\u0131n\u0131f grubunda birbirlerinden ayr\u0131 olarak ralliden ge\u00e7mi\u015ftir. Bu, mitingin ger\u00e7ekle\u015ftirilmesi i\u00e7in grup boyutlar\u0131n\u0131n nispeten b\u00fcy\u00fck oldu\u011fu anlam\u0131na geliyordu. T\u00fcm s\u0131n\u0131f grubundaki uygulama da daha sonra sorunlu olarak alg\u0131lanm\u0131\u015ft\u0131r. \u0130lgili istasyonlara vard\u0131klar\u0131nda, tesislerdeki personel miting i\u00e7in iyi haz\u0131rlanm\u0131\u015ft\u0131 ve \u00f6\u011frencilere tesisleri ve hizmetlerini \u00e7ok iyi bir \u015fekilde anlatabildiler. Do\u011frudan diyalog halinde faydal\u0131 bilgilerin yan\u0131 s\u0131ra el ilanlar\u0131 ve k\u00fc\u00e7\u00fck hileler de da\u011f\u0131t\u0131ld\u0131. Frankfurt am Main&#8217;daki mitingde, uzman payda\u015flar ve kurumlar planlamaya daha az dahil olmu\u015f, odak noktas\u0131 \u00f6\u011frencilerin kendi tasar\u0131mlar\u0131 olmu\u015ftur. Ralli, her iki okul s\u0131n\u0131f\u0131 taraf\u0131ndan yakla\u015f\u0131k \u00fc\u00e7 ders saatinde tamamland\u0131. \u00d6\u011frenciler uygulamada ve okulun \u00e7evresinde gezinmekten sorumluydu. Hik\u00e2yede ele al\u0131nan ruh sa\u011fl\u0131\u011f\u0131 konusu, bir okul dersi olarak m\u00fcfredata entegre edilmemi\u015ftir. Bununla birlikte, t\u00fcm \u00f6\u011frencilerin mitingin planlanmas\u0131 ve ger\u00e7ekle\u015ftirilmesindeki kararl\u0131l\u0131klar\u0131, okulun Almanca dersine kat\u0131l\u0131mlar\u0131 i\u00e7in bir not olarak dikkate al\u0131nm\u0131\u015ft\u0131r.<\/p>\n<\/div><div class=\"fusion-image-carousel fusion-image-carousel-auto fusion-image-carousel-1 fusion-carousel-border\"><div class=\"awb-carousel awb-swiper awb-swiper-carousel awb-carousel--carousel awb-swiper-dots-position-bottom\" data-layout=\"carousel\" data-autoplay=\"yes\" data-autoplayspeed=\"2500\" data-autoplaypause=\"no\" data-columns=\"2\" data-columnsmedium=\"1\" data-columnssmall=\"1\" data-itemmargin=\"6\" data-itemwidth=\"180\" data-touchscroll=\"no\" data-freemode=\"no\" data-imagesize=\"auto\" data-scrollitems=\"0\" data-centeredslides=\"no\" data-rotationangle=\"50\" data-depth=\"100\" data-speed=\"500\" data-shadow=\"no\" data-pagination=\"bullets\" style=\"--awb-columns:2;--awb-column-spacing:6px;--awb-border-width:1px;--awb-border-color:#e9eaee;\"><div class=\"swiper-wrapper awb-image-carousel-wrapper fusion-flex-align-items-center\"><div class=\"swiper-slide\"><div class=\"fusion-carousel-item-wrapper\"><div class=\"fusion-image-wrapper hover-type-none\"><img decoding=\"async\" width=\"2560\" height=\"1707\" src=\"https:\/\/nebolus.net\/wp-content\/uploads\/2022\/11\/Rallye-FFM.jpg\" class=\"attachment-full size-full\" alt=\"\" srcset=\"https:\/\/nebolus.net\/wp-content\/uploads\/2022\/11\/Rallye-FFM-200x133.jpg 200w, https:\/\/nebolus.net\/wp-content\/uploads\/2022\/11\/Rallye-FFM-400x267.jpg 400w, https:\/\/nebolus.net\/wp-content\/uploads\/2022\/11\/Rallye-FFM-600x400.jpg 600w, https:\/\/nebolus.net\/wp-content\/uploads\/2022\/11\/Rallye-FFM-800x533.jpg 800w, https:\/\/nebolus.net\/wp-content\/uploads\/2022\/11\/Rallye-FFM-1200x800.jpg 1200w, https:\/\/nebolus.net\/wp-content\/uploads\/2022\/11\/Rallye-FFM.jpg 2560w\" sizes=\"(min-width: 2200px) 100vw, (min-width: 717px) 597px, (min-width: 640px) 717px, \" \/><\/div><\/div><\/div><div class=\"swiper-slide\"><div class=\"fusion-carousel-item-wrapper\"><div class=\"fusion-image-wrapper hover-type-none\"><img decoding=\"async\" width=\"2560\" height=\"1707\" src=\"https:\/\/nebolus.net\/wp-content\/uploads\/2022\/11\/Rallye-FFM2.jpg\" class=\"attachment-full size-full\" alt=\"\" srcset=\"https:\/\/nebolus.net\/wp-content\/uploads\/2022\/11\/Rallye-FFM2-200x133.jpg 200w, https:\/\/nebolus.net\/wp-content\/uploads\/2022\/11\/Rallye-FFM2-400x267.jpg 400w, https:\/\/nebolus.net\/wp-content\/uploads\/2022\/11\/Rallye-FFM2-600x400.jpg 600w, https:\/\/nebolus.net\/wp-content\/uploads\/2022\/11\/Rallye-FFM2-800x533.jpg 800w, https:\/\/nebolus.net\/wp-content\/uploads\/2022\/11\/Rallye-FFM2-1200x800.jpg 1200w, https:\/\/nebolus.net\/wp-content\/uploads\/2022\/11\/Rallye-FFM2.jpg 2560w\" sizes=\"(min-width: 2200px) 100vw, (min-width: 717px) 597px, (min-width: 640px) 717px, \" \/><\/div><\/div><\/div><\/div><\/div><\/div><\/div><\/div><\/div><\/div><div class=\"fusion-fullwidth fullwidth-box fusion-builder-row-9 fusion-flex-container nonhundred-percent-fullwidth non-hundred-percent-height-scrolling\" style=\"--awb-border-radius-top-left:0px;--awb-border-radius-top-right:0px;--awb-border-radius-bottom-right:0px;--awb-border-radius-bottom-left:0px;--awb-padding-right-medium:0px;--awb-padding-left-medium:0px;--awb-padding-right-small:0px;--awb-padding-left-small:0px;--awb-flex-wrap:wrap;\" ><div class=\"fusion-builder-row fusion-row fusion-flex-align-items-flex-start fusion-flex-justify-content-center fusion-flex-content-wrap\" style=\"max-width:1248px;margin-left: calc(-4% \/ 2 );margin-right: calc(-4% \/ 2 );\"><div class=\"fusion-layout-column fusion_builder_column fusion-builder-column-8 fusion_builder_column_3_4 3_4 fusion-flex-column\" style=\"--awb-bg-size:cover;--awb-width-large:75%;--awb-margin-top-large:0px;--awb-spacing-right-large:2.56%;--awb-margin-bottom-large:20px;--awb-spacing-left-large:2.56%;--awb-width-medium:75%;--awb-order-medium:0;--awb-spacing-right-medium:2.56%;--awb-spacing-left-medium:2.56%;--awb-width-small:100%;--awb-order-small:0;--awb-spacing-right-small:1.92%;--awb-spacing-left-small:1.92%;\"><div class=\"fusion-column-wrapper fusion-column-has-shadow fusion-flex-justify-content-flex-start fusion-content-layout-column\"><div class=\"fusion-title title fusion-title-8 fusion-sep-none fusion-title-text fusion-title-size-two\" style=\"--awb-margin-top:64px;--awb-margin-top-small:24px;--awb-margin-right-small:0px;--awb-margin-bottom-small:10px;--awb-margin-left-small:0px;--awb-margin-top-medium:32px;\"><h2 class=\"fusion-title-heading title-heading-left fusion-responsive-typography-calculated\" style=\"margin:0;--fontSize:40;line-height:1.2;\"><p><strong>Geri bildirimler nas\u0131ld\u0131?<br \/>\n<\/strong><\/p><\/h2><\/div><div class=\"fusion-text fusion-text-18\" style=\"--awb-text-transform:none;\"><ul>\n<li>Geriye d\u00f6n\u00fcp bak\u0131ld\u0131\u011f\u0131nda, bir \u00f6\u011fretmen, grubun b\u00fcy\u00fckl\u00fc\u011f\u00fc belli bir atalete neden oldu\u011fu i\u00e7in s\u0131n\u0131ftaki uygulaman\u0131n sorunlu oldu\u011funu d\u00fc\u015f\u00fcnm\u00fc\u015ft\u00fcr. K\u00fc\u00e7\u00fck gruplar halinde uygulaman\u0131n daha mant\u0131kl\u0131 oldu\u011fu d\u00fc\u015f\u00fcn\u00fclm\u00fc\u015ft\u00fcr.<\/li>\n<li>Bir \u00f6\u011fretmene g\u00f6re, baz\u0131 \u00f6\u011frenciler miting s\u0131ras\u0131nda zaman zaman ilgisiz g\u00f6r\u00fcn\u00fcyordu, ancak mitingden sonra \u00e7o\u011funluk mitingin &#8220;ger\u00e7ekten \u00e7ok e\u011flenceli&#8221; oldu\u011funu s\u00f6yledi.<\/li>\n<li>Kat\u0131l\u0131mc\u0131 yakla\u015f\u0131m, \u00f6\u011frenci-\u00f6\u011fretmen ili\u015fkisinin desteklenmesi a\u00e7\u0131s\u0131ndan de\u011ferli g\u00f6r\u00fclm\u00fc\u015ft\u00fcr. \u0130\u015f b\u00f6l\u00fcm\u00fc, proje haftas\u0131 boyunca planlama \u00e7abalar\u0131n\u0131n y\u00f6netilmesi a\u00e7\u0131s\u0131ndan da faydal\u0131 olmu\u015ftur. Bununla birlikte, planlama i\u015fini payla\u015ft\u0131r\u0131rken, grup b\u00fcy\u00fckl\u00fc\u011f\u00fcn\u00fcn uygun olmas\u0131n\u0131 sa\u011flamak da \u00f6nemlidir, b\u00f6ylece her bir gruba a\u015f\u0131r\u0131 veya yetersiz zorluk y\u00fcklenmemi\u015f olur.<\/li>\n<li>Mevcut metnin uyarlanmas\u0131na ve k\u0131salt\u0131lmas\u0131na ra\u011fmen, sesli mesajlar \u00f6\u011frencilerin dikkatini y\u00fcksek seviyede tutmak i\u00e7in hala \u00e7ok uzun olarak alg\u0131lanm\u0131\u015ft\u0131r.<\/li>\n<li>Nebolus ekibinin deste\u011fi \u00e7ok iyi ve de\u011ferli olarak alg\u0131land\u0131. Di\u011fer \u015feylerin yan\u0131 s\u0131ra, planlama arac\u0131na giri\u015f, b\u00fcy\u00fck \u00f6l\u00e7\u00fcde kendi kendini a\u00e7\u0131klay\u0131c\u0131 olsa da \u00e7ok faydal\u0131 oldu.<\/li>\n<li>Son olarak, ki\u015fisel deneyimin en iyi \u00f6\u011fretmen oldu\u011fu bir kez daha vurguland\u0131: &#8220;Nas\u0131l planlayaca\u011f\u0131n\u0131z\u0131 bilmek i\u00e7in b\u00f6yle bir \u015feyi kendiniz yapm\u0131\u015f olman\u0131z gerekir [kann].&#8221;<\/li>\n<\/ul>\n<\/div><div class=\"spacer-48\"><\/div><div class=\"testimonial-post-1925\">\r\n    <div class=\"testimonial-content swiper-container testi-style-limabelas has-pagination\">\r\n        <div class=\"testimonial-list swiper-wrapper\">\r\n                        <div class=\"testi-item swiper-slide\">\r\n                \t<div class=\"testimonial-bio\">\r\n\t\t<p>Das war eine Herausforderung. Es war aber auch cool zu sehen, was im Endeffekt dabei rauskommt, was wir in dieser Woche geleistet haben. Wahnsinn.<\/p>\r\n\t<\/div>\r\n                <div class=\"author\">\r\n                    \t<div class=\"testimonial-avatar\">\r\n\t\t\t<\/div>\r\n                    \t<div class=\"testimonial-name\">\r\n\t\t<h1>Natalie Karzos (Lehrerin an der Ludwig-Erhard-Schule Frankfurt am Main)<\/h1>\r\n\t<\/div>\r\n                    \t<div class=\"testimonial-job\">\r\n\t\t<span><\/span>\r\n\t<\/div>\r\n                <\/div>\r\n            <\/div>\r\n                        <div class=\"testi-item swiper-slide\">\r\n                \t<div class=\"testimonial-bio\">\r\n\t\t<p>Die Erstellung der App hat Spa\u00df gemacht. Es war richtig geil!<\/p>\r\n\t<\/div>\r\n                <div class=\"author\">\r\n                    \t<div class=\"testimonial-avatar\">\r\n\t\t\t<\/div>\r\n                    \t<div class=\"testimonial-name\">\r\n\t\t<h1>Ein Sch\u00fcler der Ludwig-Erhard-Schule<\/h1>\r\n\t<\/div>\r\n                    \t<div class=\"testimonial-job\">\r\n\t\t<span><\/span>\r\n\t<\/div>\r\n                <\/div>\r\n            <\/div>\r\n                    <\/div>\r\n\r\n        <div class=\"swiper-pagination\"><\/div>\r\n                <!-- Add Arrows -->\r\n        <div class=\"swiper-button-next\"><\/div>\r\n        <div class=\"swiper-button-prev\"><\/div>\r\n            <\/div>\r\n<\/div>\r\n\r\n\r\n\t<script>\r\n\t\t(function( $ ) {\r\n\t\t'use strict';\r\n\r\n\t\t\t$(document).ready(function() {\r\n\t\t\t    var swiper = new Swiper('.testimonial-post-1925 .swiper-container', {\r\n\t\t\t    \tslidesPerView: 1,\r\n\t\t\t    \tspaceBetween: 30,\r\n\t\t\t    \t\t\t\t\t    breakpoints: {\r\n\t\t\t\t      \t480: {\r\n\t\t\t\t        \tslidesPerView: 1,\r\n\t\t\t\t        \tspaceBetween: 30,\r\n\t\t\t\t      \t},\r\n\t\t\t\t      \t640: {\r\n\t\t\t\t        \tslidesPerView: 1,\r\n\t\t\t\t        \tspaceBetween: 30,\r\n\t\t\t\t      \t},\r\n\t\t\t\t      \t1025: {\r\n\t\t\t\t        \tslidesPerView: 1,\r\n\t\t\t\t        \tspaceBetween: 30,\r\n\t\t\t\t      \t}\r\n\t\t\t\t    },\r\n\t\t\t    \t\t\t\t      \tnavigation: {\r\n\t\t\t        \tnextEl: '.testimonial-post-1925 .swiper-button-next',\r\n\t\t\t        \tprevEl: '.testimonial-post-1925 .swiper-button-prev',\r\n\t\t\t      \t},\r\n\t\t\t      \t\t\t\t\t    \t\t\t      \tnavigation: {\r\n\t\t\t\t        nextEl: '.testimonial-post-1925 .swiper-button-next',\r\n\t\t\t\t        prevEl: '.testimonial-post-1925 .swiper-button-prev',\r\n\t\t\t      \t},\r\n\t\t\t      \t\t\t\t    });\r\n\t\t\t});\r\n\r\n\t\t})( jQuery );\r\n\t<\/script>\r\n\t\r\n<\/div><\/div><\/div><\/div><\/p>\n","protected":false},"excerpt":{"rendered":"","protected":false},"author":6,"featured_media":2910,"comment_status":"open","ping_status":"open","sticky":false,"template":"","format":"standard","meta":{"_acf_changed":false,"inline_featured_image":false,"footnotes":""},"categories":[49],"tags":[56],"class_list":["post-3195","post","type-post","status-publish","format-standard","has-post-thumbnail","hentry","category-ruh-sagligi","tag-frankfurt-tr"],"acf":[],"_links":{"self":[{"href":"https:\/\/nebolus.net\/tr\/wp-json\/wp\/v2\/posts\/3195","targetHints":{"allow":["GET"]}}],"collection":[{"href":"https:\/\/nebolus.net\/tr\/wp-json\/wp\/v2\/posts"}],"about":[{"href":"https:\/\/nebolus.net\/tr\/wp-json\/wp\/v2\/types\/post"}],"author":[{"embeddable":true,"href":"https:\/\/nebolus.net\/tr\/wp-json\/wp\/v2\/users\/6"}],"replies":[{"embeddable":true,"href":"https:\/\/nebolus.net\/tr\/wp-json\/wp\/v2\/comments?post=3195"}],"version-history":[{"count":3,"href":"https:\/\/nebolus.net\/tr\/wp-json\/wp\/v2\/posts\/3195\/revisions"}],"predecessor-version":[{"id":3233,"href":"https:\/\/nebolus.net\/tr\/wp-json\/wp\/v2\/posts\/3195\/revisions\/3233"}],"wp:featuredmedia":[{"embeddable":true,"href":"https:\/\/nebolus.net\/tr\/wp-json\/wp\/v2\/media\/2910"}],"wp:attachment":[{"href":"https:\/\/nebolus.net\/tr\/wp-json\/wp\/v2\/media?parent=3195"}],"wp:term":[{"taxonomy":"category","embeddable":true,"href":"https:\/\/nebolus.net\/tr\/wp-json\/wp\/v2\/categories?post=3195"},{"taxonomy":"post_tag","embeddable":true,"href":"https:\/\/nebolus.net\/tr\/wp-json\/wp\/v2\/tags?post=3195"}],"curies":[{"name":"wp","href":"https:\/\/api.w.org\/{rel}","templated":true}]}}